{"id":996,"date":"2017-07-31T09:51:00","date_gmt":"2017-07-31T12:51:00","guid":{"rendered":"http:\/\/www.impo.com.uy\/revista\/?p=996"},"modified":"2017-08-02T15:58:30","modified_gmt":"2017-08-02T18:58:30","slug":"educacion-y-afrodescendencia","status":"publish","type":"post","link":"https:\/\/www.impo.com.uy\/revista\/educacion-y-afrodescendencia\/","title":{"rendered":"Mesa de debate"},"content":{"rendered":"<h2>Comisi\u00f3n de Educaci\u00f3n y Afrodescendencia organiz\u00f3 una mesa debate sobre los desaf\u00edos del sistema educativo<\/h2>\n<p>&nbsp;<\/p>\n<p>La Comisi\u00f3n de Educaci\u00f3n y Afrodescendencia de la Direcci\u00f3n de Educaci\u00f3n del MEC organiz\u00f3 una mesa debate con el fin de abordar el tema del racismo en el sistema educativo uruguayo con un enfoque en derechos humanos.<\/p>\n<p>La actividad se realiz\u00f3 en el marco de la 2\u00aa edici\u00f3n del mes de la Afrodescendencia y el Decenio Internacional para las personas afrodescendientes establecido por la ONU.<\/p>\n<p>Participaron de la mesa autoridades del sistema educativo y miembros de la sociedad civil, con el fin de intercambiar en torno a una rendici\u00f3n de cuentas y proyecci\u00f3n sobre el derecho a la educaci\u00f3n de la poblaci\u00f3n Afrodescendiente y el abordaje del racismo en el sistema educativo uruguayo, desde un enfoque de derechos humanos.<\/p>\n<p>Seg\u00fan datos del Instituto Nacional de Estad\u00edstica, en el a\u00f1o 2016 la pobreza para las personas que declaran ser afrodescendientes es de 11 puntos porcentuales superior a la incidencia de la pobreza para quienes declaran tener ascendencia blanca, en el total del pa\u00eds.<\/p>\n<p>En cuanto a la inclusi\u00f3n educativa, el \u00c1rea de Investigaci\u00f3n Estad\u00edstica del MEC public\u00f3 que en el a\u00f1o 2014 que el colectivo afrodescendiente tiene una mayor participaci\u00f3n relativa en educaci\u00f3n primara y no la tiene en los dem\u00e1s niveles educativos considerados.<\/p>\n<p>Estas cifras, fueron el disparador para iniciar el debate al que N\u00e9stor Silva de Mundo Afro defini\u00f3 como una \u201cinstancia hist\u00f3rica porque despu\u00e9s de mucho tiempo la sociedad civil logr\u00f3 trabajar en conjunto y uniendo visiones, algo tan sensible como la educaci\u00f3n\u201d<\/p>\n<p>Fuente: <a href=\"http:\/\/www.mec.gub.uy\" target=\"_blank\" rel=\"noopener\">MEC<\/a><\/p>\n<p><span style=\"font-size: 12px;\">Publicado: 27 de julio de 2017<\/span><\/p>\n","protected":false},"excerpt":{"rendered":"<p>Comisi\u00f3n de Educaci\u00f3n y Afrodescendencia organiz\u00f3 una mesa debate sobre los desaf\u00edos del sistema educativo <\/p>\n","protected":false},"author":8,"featured_media":997,"comment_status":"closed","ping_status":"open","sticky":false,"template":"","format":"standard","meta":{"footnotes":""},"categories":[18,15,8,23,7,22],"tags":[41],"post_series":[],"class_list":["post-996","post","type-post","status-publish","format-standard","has-post-thumbnail","hentry","category-cultura","category-destacadas","category-destacadas-portada","category-educacion","category-mec","category-sociedad","tag-afrodescendientes","entry","has-media"],"_links":{"self":[{"href":"https:\/\/www.impo.com.uy\/revista\/wp-json\/wp\/v2\/posts\/996"}],"collection":[{"href":"https:\/\/www.impo.com.uy\/revista\/wp-json\/wp\/v2\/posts"}],"about":[{"href":"https:\/\/www.impo.com.uy\/revista\/wp-json\/wp\/v2\/types\/post"}],"author":[{"embeddable":true,"href":"https:\/\/www.impo.com.uy\/revista\/wp-json\/wp\/v2\/users\/8"}],"replies":[{"embeddable":true,"href":"https:\/\/www.impo.com.uy\/revista\/wp-json\/wp\/v2\/comments?post=996"}],"version-history":[{"count":0,"href":"https:\/\/www.impo.com.uy\/revista\/wp-json\/wp\/v2\/posts\/996\/revisions"}],"wp:featuredmedia":[{"embeddable":true,"href":"https:\/\/www.impo.com.uy\/revista\/wp-json\/wp\/v2\/media\/997"}],"wp:attachment":[{"href":"https:\/\/www.impo.com.uy\/revista\/wp-json\/wp\/v2\/media?parent=996"}],"wp:term":[{"taxonomy":"category","embeddable":true,"href":"https:\/\/www.impo.com.uy\/revista\/wp-json\/wp\/v2\/categories?post=996"},{"taxonomy":"post_tag","embeddable":true,"href":"https:\/\/www.impo.com.uy\/revista\/wp-json\/wp\/v2\/tags?post=996"},{"taxonomy":"post_series","embeddable":true,"href":"https:\/\/www.impo.com.uy\/revista\/wp-json\/wp\/v2\/post_series?post=996"}],"curies":[{"name":"wp","href":"https:\/\/api.w.org\/{rel}","templated":true}]}}