{"id":803,"date":"2017-07-03T11:41:10","date_gmt":"2017-07-03T14:41:10","guid":{"rendered":"http:\/\/www.impo.com.uy\/revista\/?p=803"},"modified":"2017-07-17T10:43:23","modified_gmt":"2017-07-17T13:43:23","slug":"barrio-marconi","status":"publish","type":"post","link":"https:\/\/www.impo.com.uy\/revista\/barrio-marconi\/","title":{"rendered":"Barrio Marconi"},"content":{"rendered":"<p>Viviendas del Plan Juntos, CAIF, infraestructura y trabajo social reafirman identidad de la zona.<\/p>\n<p>La coordinaci\u00f3n entre el Estado y la sociedad en el barrio Marconi permiti\u00f3 el inicio de la construcci\u00f3n de 50 viviendas del Plan Juntos, luminarias, inauguraci\u00f3n de un CAIF, entre otras obras que forman parte del plan que se implementa desde 2013. \u201cLa institucionalidad no vende y para saber qu\u00e9 es hay que verla en acci\u00f3n\u201d, afirm\u00f3 la subsecretaria del Mides, Ana Olivera, a dos a\u00f1os de la reapertura del anfiteatro en el barrio.<\/p>\n<p>Olivera se\u00f1al\u00f3 a la Secretaria de Comunicaci\u00f3n de Presidencia, durante el aniversario de la recuperaci\u00f3n del anfiteatro Marconi, que este \u00faltimo a\u00f1o los participantes del plan de recuperaci\u00f3n barrial trabajaron en la reconstrucci\u00f3n de la confianza y el di\u00e1logo entre el Estado y los vecinos, porque \u00abel Estado nunca estuvo ausente de esa zona de Montevideo, pero era necesario fortalecer el trabajo interinstitucional\u201d.<\/p>\n<p>\u00abEl despliegue de este plan, que funciona desde 2015 en el marco del Plan Cuenca Casavalle, era una deuda que el Gobierno nacional, departamental y municipal ten\u00eda con el barrio\u00bb, dijo Olivera. Record\u00f3 la recuperaci\u00f3n del anfiteatro Marconi, en junio de 2013, adem\u00e1s de la colocaci\u00f3n de luminarias, el centro Caif Casilda, el espacio del Ministerio de Educaci\u00f3n y Cultura en el centro de salud Misurraco y las actividades de canotaje y escalada del Instituto del Ni\u00f1o y el Adolescente del Uruguay (INAU) fuera del barrio, as\u00ed como el programa Verano Educativo de la Administraci\u00f3n Nacional de Educaci\u00f3n P\u00fablica.<\/p>\n<p>Tambi\u00e9n mencion\u00f3 el programa Cercan\u00edas, J\u00f3venes en Red, Uruguay Crece Contigo, junto a los servicios de Orientaci\u00f3n, Consulta y Articulaci\u00f3n Territorial, todos gestionados por el Ministerio de Desarrollo Social (Mides). Por otra parte, record\u00f3 que el Plan Juntos del Ministerio de Vivienda proyecta 300 intervenciones habitacionales, que se suman a las 50 iniciadas.<\/p>\n<p>Desde el punto de vista de la infraestructura, Olivera resalt\u00f3 la construcci\u00f3n de dos puentes por parte de la Intendencia de Montevideo, la recuperaci\u00f3n de las veredas, los muros del anfiteatro, as\u00ed como la costanera por parte del Municipio D que, sostuvo, contribuyen a recuperar los v\u00ednculos entre todos. Tambi\u00e9n el Municipio D impuls\u00f3 la creaci\u00f3n de una cooperativa de barrido integrada por 14 personas constituida con el respaldo de la Direcci\u00f3n Nacional de Econom\u00eda Social e Integraci\u00f3n Laboral del Mides, que se re\u00fane en el centro de salud Misurraco de la Administraci\u00f3n de Servicios de Salud del Estado.<\/p>\n<p>La subsecretaria tambi\u00e9n indic\u00f3 que est\u00e1 presente el Programa de Alta Dedicaci\u00f3n Operativa (PADO) del Ministerio del Interior y el Programa Esquinas de la Cultura de la Intendencia de Montevideo. Adem\u00e1s enfatiz\u00f3 que, en el marco del Plan Casavalle, del que es parte el Plan Especial Marconi, se\u00a0 inauguraron la plaza Casavalle, la Comisar\u00eda 17, el Centro C\u00edvico Luisa Cuesta, lugar que se\u00f1al\u00f3 como ejemplo de articulaci\u00f3n institucional, porque all\u00ed funcionan el Municipio D, el Banco de Previsi\u00f3n Social, el Ministerio de Desarrollo Social y la Comuna Mujer de la Intendencia de Montevideo.<\/p>\n<p>Las instituciones y las organizaciones sociales trabajan de manera integral en la zona a partir de datos de la Direcci\u00f3n Nacional de Evaluaci\u00f3n y Monitoreo del Mides sobre variables de educaci\u00f3n, vivienda, salud, alimentaci\u00f3n, discapacidad, violencia y consumo problem\u00e1tico, indicadores que Olivera calific\u00f3 como muy importantes para mejorar la realidad.<\/p>\n<p>En la celebraci\u00f3n participaron organizaciones sociales, vecinos y ni\u00f1os en actividades de ajedrez, maquillaje, pat\u00edn, arte en veredas, mural, danza, recuerdos del barrio y t\u00edteres, acompa\u00f1ados al finalizar por Julio Sosa \u201cKanela\u201d y Tronar de Tambores.<\/p>\n<p>Fuente: <a href=\"https:\/\/www.presidencia.gub.uy\/\" target=\"_blank\" rel=\"noopener\">Presidencia de la Rep\u00fablica<\/a><\/p>\n<p><span style=\"font-size: 12px;\">Publicado: 22 de junio de 2017<\/span><\/p>\n","protected":false},"excerpt":{"rendered":"<p>Viviendas del Plan Juntos, CAIF, infraestructura y trabajo social reafirman identidad de la zona<\/p>\n","protected":false},"author":8,"featured_media":804,"comment_status":"closed","ping_status":"open","sticky":false,"template":"","format":"standard","meta":{"footnotes":""},"categories":[18,8,22],"tags":[],"post_series":[],"class_list":["post-803","post","type-post","status-publish","format-standard","has-post-thumbnail","hentry","category-cultura","category-destacadas-portada","category-sociedad","entry","has-media"],"_links":{"self":[{"href":"https:\/\/www.impo.com.uy\/revista\/wp-json\/wp\/v2\/posts\/803"}],"collection":[{"href":"https:\/\/www.impo.com.uy\/revista\/wp-json\/wp\/v2\/posts"}],"about":[{"href":"https:\/\/www.impo.com.uy\/revista\/wp-json\/wp\/v2\/types\/post"}],"author":[{"embeddable":true,"href":"https:\/\/www.impo.com.uy\/revista\/wp-json\/wp\/v2\/users\/8"}],"replies":[{"embeddable":true,"href":"https:\/\/www.impo.com.uy\/revista\/wp-json\/wp\/v2\/comments?post=803"}],"version-history":[{"count":0,"href":"https:\/\/www.impo.com.uy\/revista\/wp-json\/wp\/v2\/posts\/803\/revisions"}],"wp:featuredmedia":[{"embeddable":true,"href":"https:\/\/www.impo.com.uy\/revista\/wp-json\/wp\/v2\/media\/804"}],"wp:attachment":[{"href":"https:\/\/www.impo.com.uy\/revista\/wp-json\/wp\/v2\/media?parent=803"}],"wp:term":[{"taxonomy":"category","embeddable":true,"href":"https:\/\/www.impo.com.uy\/revista\/wp-json\/wp\/v2\/categories?post=803"},{"taxonomy":"post_tag","embeddable":true,"href":"https:\/\/www.impo.com.uy\/revista\/wp-json\/wp\/v2\/tags?post=803"},{"taxonomy":"post_series","embeddable":true,"href":"https:\/\/www.impo.com.uy\/revista\/wp-json\/wp\/v2\/post_series?post=803"}],"curies":[{"name":"wp","href":"https:\/\/api.w.org\/{rel}","templated":true}]}}