{"id":4252,"date":"2022-07-29T13:07:50","date_gmt":"2022-07-29T16:07:50","guid":{"rendered":"http:\/\/www.impo.com.uy\/revista\/?p=4252"},"modified":"2022-07-29T13:07:50","modified_gmt":"2022-07-29T16:07:50","slug":"descentralizacion-2","status":"publish","type":"post","link":"https:\/\/www.impo.com.uy\/revista\/descentralizacion-2\/","title":{"rendered":"Descentralizaci\u00f3n"},"content":{"rendered":"<h3>El ministro de Desarrollo Social, Mart\u00edn Lema, present\u00f3, en la 21.\u00aa Sesi\u00f3n Plenaria del Congreso de Intendentes, las iniciativas para un IVA personalizado y una ciudad universitaria que desarrolla la cartera, a fin de propiciar articulaciones con los departamentos. El jerarca invit\u00f3 a las comunas a sumar puestos de validaci\u00f3n digital en oficinas locales para facilitar el acceso de las comunidades a estas medidas.<\/h3>\n<p>Asistieron tambi\u00e9n la subsecretaria de Desarrollo Social, Andrea Brugman; el director nacional de Transferencias y An\u00e1lisis de Datos, Antonio Manzi; el titular del Instituto Nacional de la Juventud (INJU), Felipe Paullier, y el presidente del Congreso de Intendentes, Guillermo L\u00f3pez, as\u00ed como jerarcas y representantes de todos los departamentos del Uruguay.<\/p>\n<p>Tras su intervenci\u00f3n, Lema dijo que la primera etapa del programa para la ciudad universitaria Jorge Larra\u00f1aga comenzar\u00e1 este segundo semestre y otorgar\u00e1 180 cupos de alojamiento subvencionado para j\u00f3venes estudiantes, de entre 18 y 24 a\u00f1os, del interior del pa\u00eds. \u201cEs muy importante el ida y vuelta con las intendencias\u201d, sostuvo al respecto.\u00a0A\u00f1adi\u00f3 que hay departamentos con importantes propuestas educativas para considerar como opci\u00f3n para la segunda etapa.<\/p>\n<p>Por otra parte, respecto al impuesto al valor agregado (IVA) personalizado, cuyo proceso se inicia el 1.\u00b0 de agosto, el Ministerio de Desarrollo Social (Mides) coordinar\u00e1 con los gobiernos departamentales, a fin de ampliar la cantidad de centros de atenci\u00f3n para validaci\u00f3n digital.<\/p>\n<p>Asegur\u00f3, asimismo, que esta medida abarcar\u00e1 a los beneficiarios de asignaciones familiares del Plan de Equidad que cobren su prestaci\u00f3n mensual a trav\u00e9s de la plataforma Tuapp. De esta manera, acceder\u00e1n a un descuento total del IVA en compras de bienes y servicios al pagar por ese medio. Agreg\u00f3 que la bonificaci\u00f3n comprender\u00e1 a 203.000 hogares, integrados en total por 837.000 uruguayos.<\/p>\n<p>Fuente: Presidencia de la Rep\u00fablica<\/p>\n<p>Publicado: 29 de julio 2022<\/p>\n","protected":false},"excerpt":{"rendered":"<p>Mides e intendencias coordinan acciones para ejecuci\u00f3n de IVA personalizado y ciudad universitaria.<\/p>\n","protected":false},"author":11,"featured_media":4253,"comment_status":"closed","ping_status":"open","sticky":false,"template":"","format":"standard","meta":{"footnotes":""},"categories":[54,8,26,23,9],"tags":[469,492,284],"post_series":[],"class_list":["post-4252","post","type-post","status-publish","format-standard","has-post-thumbnail","hentry","category-desarrollo-social","category-destacadas-portada","category-economia","category-educacion","category-portada","tag-congreso-intendentes","tag-iva","tag-mides","entry","has-media"],"_links":{"self":[{"href":"https:\/\/www.impo.com.uy\/revista\/wp-json\/wp\/v2\/posts\/4252"}],"collection":[{"href":"https:\/\/www.impo.com.uy\/revista\/wp-json\/wp\/v2\/posts"}],"about":[{"href":"https:\/\/www.impo.com.uy\/revista\/wp-json\/wp\/v2\/types\/post"}],"author":[{"embeddable":true,"href":"https:\/\/www.impo.com.uy\/revista\/wp-json\/wp\/v2\/users\/11"}],"replies":[{"embeddable":true,"href":"https:\/\/www.impo.com.uy\/revista\/wp-json\/wp\/v2\/comments?post=4252"}],"version-history":[{"count":1,"href":"https:\/\/www.impo.com.uy\/revista\/wp-json\/wp\/v2\/posts\/4252\/revisions"}],"predecessor-version":[{"id":4254,"href":"https:\/\/www.impo.com.uy\/revista\/wp-json\/wp\/v2\/posts\/4252\/revisions\/4254"}],"wp:featuredmedia":[{"embeddable":true,"href":"https:\/\/www.impo.com.uy\/revista\/wp-json\/wp\/v2\/media\/4253"}],"wp:attachment":[{"href":"https:\/\/www.impo.com.uy\/revista\/wp-json\/wp\/v2\/media?parent=4252"}],"wp:term":[{"taxonomy":"category","embeddable":true,"href":"https:\/\/www.impo.com.uy\/revista\/wp-json\/wp\/v2\/categories?post=4252"},{"taxonomy":"post_tag","embeddable":true,"href":"https:\/\/www.impo.com.uy\/revista\/wp-json\/wp\/v2\/tags?post=4252"},{"taxonomy":"post_series","embeddable":true,"href":"https:\/\/www.impo.com.uy\/revista\/wp-json\/wp\/v2\/post_series?post=4252"}],"curies":[{"name":"wp","href":"https:\/\/api.w.org\/{rel}","templated":true}]}}