{"id":4202,"date":"2022-04-29T14:11:10","date_gmt":"2022-04-29T17:11:10","guid":{"rendered":"http:\/\/www.impo.com.uy\/revista\/?p=4202"},"modified":"2022-04-29T14:11:44","modified_gmt":"2022-04-29T17:11:44","slug":"biodiversidad","status":"publish","type":"post","link":"https:\/\/www.impo.com.uy\/revista\/biodiversidad\/","title":{"rendered":"Biodiversidad"},"content":{"rendered":"<h3>El ministro de Ambiente, Adri\u00e1n Pe\u00f1a, particip\u00f3 del taller que inicia el proyecto \u201cConsolidando pol\u00edticas de conservaci\u00f3n de la biodiversidad y la tierra como pilares del desarrollo sostenible\u201d. El objetivo es fortalecer las medidas referidas a la tem\u00e1tica y generar acciones al respecto. Naciones Unidas aportar\u00e1 2.600.000 d\u00f3lares y Uruguay 15.000.000, para ejecutar hasta el a\u00f1o 2025.<\/h3>\n<p>Junto a Pe\u00f1a, participaron el director nacional de Biodiversidad y Servicios Ecosist\u00e9micos del Ministerio de Ambiente, Gerardo Evia; el director ejecutivo de la Agencia Uruguaya de Cooperaci\u00f3n Internacional (AUCI), Mariano Berro; el representante residente del Programa de Naciones Unidas para el Desarrollo (PNUD) en Uruguay, Stefan Liller, t\u00e9cnicos y referentes en la materia.<\/p>\n<p>El secretario de Estado explic\u00f3 que el proyecto cuenta con aportes por m\u00e1s de 2.600.000 d\u00f3lares de donaci\u00f3n del Fondo para el Medio Ambiente Mundial y una contraparte del Gobierno de 15.000.000.<\/p>\n<p>El objetivo es fortalecer las capacidades sist\u00e9micas, financieras e institucionales para conservar la biodiversidad y la gesti\u00f3n sostenible de la tierra, mejorar la eficacia de la gesti\u00f3n de las \u00e1reas protegidas, la administraci\u00f3n de tierras privadas y el bienestar humano.<\/p>\n<p>De esta manera, enfatiza en herramientas que incidan para cuidar el agua, fomentar los servicios ecosist\u00e9micos, prevenir la contaminaci\u00f3n, generar energ\u00eda y garantizar su uso sostenible. Adem\u00e1s, impulsa el desarrollo local y la creaci\u00f3n de medios de vida.<\/p>\n<p>Las \u00e1reas seleccionadas son la Cuenca del Santa Luc\u00eda, las lagunas de la Costa Atl\u00e1ntica, las serran\u00edas del este y las quebradas del norte. Esta iniciativa establece que las acciones logradas en esos territorios se repliquen en otros.<\/p>\n<p>Durante el taller de inicio, en el que se deline\u00f3 el plan de trabajo y los resultados esperados, el ministro destac\u00f3 la elecci\u00f3n de las zonas. En este sentido, dijo que es una nueva etapa de esta gesti\u00f3n que continuar\u00e1 trabajando respecto a las \u00e1reas protegidas y pretende avanzar en la protecci\u00f3n de espacios cercanos a esos lugares.<\/p>\n<p>Tambi\u00e9n explic\u00f3 que habr\u00e1 instancias con los productores para incorporar conceptos de preservaci\u00f3n de biodiversidad.<\/p>\n<p>Por su parte, Liller se\u00f1al\u00f3 que la iniciativa es un hito en el proceso hacia una mejora en la gesti\u00f3n del territorio y del patrimonio natural, y que resulta fundamental para la sostenibilidad del desarrollo local y nacional.<\/p>\n<p>El proyecto incluye, adem\u00e1s, la participaci\u00f3n y cofinanciaci\u00f3n del Ministerio de Ganader\u00eda Agricultura y Pesca, el Ministerio de Turismo, OSE y las intendencias de Canelones, Montevideo, Rivera y Rocha.<\/p>\n<p>Fuente: Presidencia de la Rep\u00fablica<\/p>\n<p>Publicado: 29 de abril 2022<\/p>\n","protected":false},"excerpt":{"rendered":"<p>Ministerio de Ambiente liderar\u00e1 proyecto para conservar biodiversidad en Uruguay.<\/p>\n","protected":false},"author":11,"featured_media":4203,"comment_status":"closed","ping_status":"open","sticky":false,"template":"","format":"standard","meta":{"footnotes":""},"categories":[8,27,9],"tags":[379,486,487],"post_series":[],"class_list":["post-4202","post","type-post","status-publish","format-standard","has-post-thumbnail","hentry","category-destacadas-portada","category-medioambiente","category-portada","tag-auci","tag-ma","tag-pnud","entry","has-media"],"_links":{"self":[{"href":"https:\/\/www.impo.com.uy\/revista\/wp-json\/wp\/v2\/posts\/4202"}],"collection":[{"href":"https:\/\/www.impo.com.uy\/revista\/wp-json\/wp\/v2\/posts"}],"about":[{"href":"https:\/\/www.impo.com.uy\/revista\/wp-json\/wp\/v2\/types\/post"}],"author":[{"embeddable":true,"href":"https:\/\/www.impo.com.uy\/revista\/wp-json\/wp\/v2\/users\/11"}],"replies":[{"embeddable":true,"href":"https:\/\/www.impo.com.uy\/revista\/wp-json\/wp\/v2\/comments?post=4202"}],"version-history":[{"count":2,"href":"https:\/\/www.impo.com.uy\/revista\/wp-json\/wp\/v2\/posts\/4202\/revisions"}],"predecessor-version":[{"id":4205,"href":"https:\/\/www.impo.com.uy\/revista\/wp-json\/wp\/v2\/posts\/4202\/revisions\/4205"}],"wp:featuredmedia":[{"embeddable":true,"href":"https:\/\/www.impo.com.uy\/revista\/wp-json\/wp\/v2\/media\/4203"}],"wp:attachment":[{"href":"https:\/\/www.impo.com.uy\/revista\/wp-json\/wp\/v2\/media?parent=4202"}],"wp:term":[{"taxonomy":"category","embeddable":true,"href":"https:\/\/www.impo.com.uy\/revista\/wp-json\/wp\/v2\/categories?post=4202"},{"taxonomy":"post_tag","embeddable":true,"href":"https:\/\/www.impo.com.uy\/revista\/wp-json\/wp\/v2\/tags?post=4202"},{"taxonomy":"post_series","embeddable":true,"href":"https:\/\/www.impo.com.uy\/revista\/wp-json\/wp\/v2\/post_series?post=4202"}],"curies":[{"name":"wp","href":"https:\/\/api.w.org\/{rel}","templated":true}]}}