{"id":4097,"date":"2021-10-08T11:51:22","date_gmt":"2021-10-08T14:51:22","guid":{"rendered":"http:\/\/www.impo.com.uy\/revista\/?p=4097"},"modified":"2021-10-08T11:51:22","modified_gmt":"2021-10-08T14:51:22","slug":"psiquiatria-pediatrica","status":"publish","type":"post","link":"https:\/\/www.impo.com.uy\/revista\/psiquiatria-pediatrica\/","title":{"rendered":"Psiquiatr\u00eda Pedi\u00e1trica"},"content":{"rendered":"<p>Inaugurado este jueves 7, en el Centro Hospitalario Pereira Rossell, el Hospital de D\u00eda en Psiquiatr\u00eda Pedi\u00e1trica es un modelo de gesti\u00f3n para atender la salud mental en forma ambulatoria diurna, como alternativa a la hospitalizaci\u00f3n convencional. El servicio se dirige a ni\u00f1os y adolescentes que presentan patolog\u00edas psiqui\u00e1tricas graves. La inversi\u00f3n edilicia totaliz\u00f3 9 millones de pesos.<\/p>\n<p>Asistieron a la inauguraci\u00f3n el presidente de la Administraci\u00f3n de los Servicios de Salud del Estado (ASSE), Leonardo Cipriani; el vicepresidente de esa dependencia, Marcelo Sosa; la directora del Centro Hospitalario Pereira Rossell, Victoria Lafluf; la directora del Hospital de D\u00eda, Cristina Pivel; el director de Pediatr\u00eda, \u00c1lvaro Galeana; el director de Salud Mental del Ministerio de Salud P\u00fablica, Horacio Porci\u00fancula, y la representante de la Facultad de Medicina, Gabriela Garrido.<\/p>\n<p>La dependencia, que estar\u00e1 a cargo de la direcci\u00f3n del hospital Pereira Rossell y de la Cl\u00ednica Psiqui\u00e1trica Pedi\u00e1trica de la Facultad de Medicina, brinda abordaje terap\u00e9utico y de recuperaci\u00f3n con una intervenci\u00f3n intensiva, individualizada, interdisciplinaria, integral y coordinada para alcanzar la estabilidad cl\u00ednica.<\/p>\n<p>\u201cLa inauguraci\u00f3n es important\u00edsima para la Ley de Salud Mental\u201d, afirm\u00f3 Leonardo Cipriani, quien aludi\u00f3 a que el Pereira Rossell siempre es pionero en atenci\u00f3n, tanto en salud mental como en humanizaci\u00f3n en cirug\u00edas, y cuidados paliativos. Asimismo, record\u00f3 que el nosocomio se encuentra integrado en la red de atenci\u00f3n de ASSE.<\/p>\n<p>El jerarca mencion\u00f3 que aplicar la Ley de Salud Mental es prioridad para la Administraci\u00f3n,\u00a0 por lo cual se han creado 126 cargos con funciones de alta dedicaci\u00f3n en psiquiatr\u00eda, que implican 3.196 horas nuevas de atenci\u00f3n.<\/p>\n<p>Por su parte, Cristina Pivel remarc\u00f3 que el Hospital de D\u00eda se convertir\u00e1 en un centro de referencia de alto nivel y record\u00f3 que Uruguay es l\u00edder mundial en atenci\u00f3n en salud mental infantil.<\/p>\n<p>Es una nueva forma de atenci\u00f3n que sigue el desaf\u00edo de centrar la asistencia en el propio ni\u00f1o, dijo, a su turno, \u00c1lvaro Galeana. Acot\u00f3 que la propuesta significa que los menores permanezcan durante el d\u00eda en el hospital controlados por especialistas.<\/p>\n<p>Con respecto al incremento de las consultas en lo que refiere a conductas autoagresivas o de violencia hacia la infancia ejercida por los propios ni\u00f1os y adolescentes, Gabriela Garrido advirti\u00f3 que son problemas que se incrementaron en el mundo y que 1 de cada 4 j\u00f3venes padece depresi\u00f3n, y 1 de cada 5, s\u00edntomas de ansiedad.<\/p>\n<p>Especific\u00f3 que en Uruguay, entre 2019 y 2020, hubo un notorio aumento en cuanto a las consultas de violencia hacia la infancia, con un factor de alto riesgo como lo es el suicidio.<\/p>\n<p>\u201cLa nueva Ley de Salud Mental y la implementaci\u00f3n del plan nacional pueden ser una excelente oportunidad para mejorar la detecci\u00f3n precoz, promoci\u00f3n, atenci\u00f3n y rehabilitaci\u00f3n de los problemas vinculados a salud mental en infancia y adolescencia\u201d, opin\u00f3.<\/p>\n<p>Fuente: Presidencia de la Rep\u00fablica.<\/p>\n<p>Publicado: 8 de octubre 2021<\/p>\n","protected":false},"excerpt":{"rendered":"<p>Hospital de D\u00eda, inaugurado en el Centro Hospitalario Pereira Rossell, ofrece atenci\u00f3n ambulatoria a patolog\u00edas psiqui\u00e1tricas graves.<\/p>\n","protected":false},"author":11,"featured_media":4098,"comment_status":"closed","ping_status":"open","sticky":false,"template":"","format":"standard","meta":{"footnotes":""},"categories":[8,9,14],"tags":[33,472],"post_series":[],"class_list":["post-4097","post","type-post","status-publish","format-standard","has-post-thumbnail","hentry","category-destacadas-portada","category-portada","category-salud","tag-asse","tag-salud-mental","entry","has-media"],"_links":{"self":[{"href":"https:\/\/www.impo.com.uy\/revista\/wp-json\/wp\/v2\/posts\/4097"}],"collection":[{"href":"https:\/\/www.impo.com.uy\/revista\/wp-json\/wp\/v2\/posts"}],"about":[{"href":"https:\/\/www.impo.com.uy\/revista\/wp-json\/wp\/v2\/types\/post"}],"author":[{"embeddable":true,"href":"https:\/\/www.impo.com.uy\/revista\/wp-json\/wp\/v2\/users\/11"}],"replies":[{"embeddable":true,"href":"https:\/\/www.impo.com.uy\/revista\/wp-json\/wp\/v2\/comments?post=4097"}],"version-history":[{"count":1,"href":"https:\/\/www.impo.com.uy\/revista\/wp-json\/wp\/v2\/posts\/4097\/revisions"}],"predecessor-version":[{"id":4099,"href":"https:\/\/www.impo.com.uy\/revista\/wp-json\/wp\/v2\/posts\/4097\/revisions\/4099"}],"wp:featuredmedia":[{"embeddable":true,"href":"https:\/\/www.impo.com.uy\/revista\/wp-json\/wp\/v2\/media\/4098"}],"wp:attachment":[{"href":"https:\/\/www.impo.com.uy\/revista\/wp-json\/wp\/v2\/media?parent=4097"}],"wp:term":[{"taxonomy":"category","embeddable":true,"href":"https:\/\/www.impo.com.uy\/revista\/wp-json\/wp\/v2\/categories?post=4097"},{"taxonomy":"post_tag","embeddable":true,"href":"https:\/\/www.impo.com.uy\/revista\/wp-json\/wp\/v2\/tags?post=4097"},{"taxonomy":"post_series","embeddable":true,"href":"https:\/\/www.impo.com.uy\/revista\/wp-json\/wp\/v2\/post_series?post=4097"}],"curies":[{"name":"wp","href":"https:\/\/api.w.org\/{rel}","templated":true}]}}