{"id":3659,"date":"2020-05-12T15:53:36","date_gmt":"2020-05-12T18:53:36","guid":{"rendered":"http:\/\/www.impo.com.uy\/revista\/?p=3659"},"modified":"2020-09-01T13:28:54","modified_gmt":"2020-09-01T16:28:54","slug":"mes-del-libro","status":"publish","type":"post","link":"https:\/\/www.impo.com.uy\/revista\/mes-del-libro\/","title":{"rendered":"Mes del libro"},"content":{"rendered":"<p><strong>Se lanz\u00f3 la campa\u00f1a #Mayodelecturas<\/strong><\/p>\n<p>Biblioteca Pa\u00eds, el Plan Nacional de Lectura del Ministerio de Educaci\u00f3n y Cultura y el Proyecto Aqu\u00ed Se Lee del Consejo de Educaci\u00f3n Secundaria invitan a sumarse a la campa\u00f1a #Mayodelecturas para festejar el D\u00eda Nacional del Libro 2020.<\/p>\n<p>Mayo es el mes del libro en Uruguay en conmemoraci\u00f3n a que el 26 de mayo de 1816, fecha en que se inaugur\u00f3 la primera biblioteca p\u00fablica del pa\u00eds:\u00a0la Biblioteca Nacional. Actualmente existen m\u00e1s de 7000 libros disponibles en Biblioteca Pa\u00eds, puede registrarse y acceder cualquier persona con su n\u00famero de c\u00e9dula de identidad uruguaya.<\/p>\n<p>El objetivo de la campa\u00f1a es llenar de recomendaciones las redes sociales, interactuar,\u00a0difundir y celebrar.<\/p>\n<p>Para participar, se debe recomendar libros y subirlos a las redes sociales personales (Facebook, Instagram y\/o Twitter) usando el hashtag #Mayodelecturas.<\/p>\n<p>Acced\u00e9 al <a href=\"https:\/\/www.youtube.com\/watch?v=LlbeIFUwPBk&amp;list=PLSXO-7teGEyh1HLq_bb7Heb82xND4kQ90&amp;index=2&amp;t=0s\" target=\"_blank\" rel=\"noopener noreferrer\">video<\/a> y enterate de m\u00e1s informaci\u00f3n.<\/p>\n<p>&nbsp;<\/p>\n<p><span style=\"font-size: 12px;\">Fuente: Ministerio de Educaci\u00f3n y Cultura<\/span><\/p>\n<p><span style=\"font-size: 12px;\">Fecha: 8 de mayo de 2020<\/span><\/p>\n<p>&nbsp;<\/p>\n","protected":false},"excerpt":{"rendered":"<p>Biblioteca Pa\u00eds del Plan Ceibal, el Plan Nacional de Lectura del Ministerio de Educaci\u00f3n y Cultura y el Proyecto Aqu\u00ed Se Lee del Consejo de Educaci\u00f3n Secundaria organizan la campa\u00f1a #Mayodelecturas para festejar el D\u00eda Nacional del Libro 2020.<\/p>\n","protected":false},"author":8,"featured_media":3660,"comment_status":"closed","ping_status":"open","sticky":false,"template":"","format":"standard","meta":{"footnotes":""},"categories":[18,7,9],"tags":[136,415,414,286],"post_series":[],"class_list":["post-3659","post","type-post","status-publish","format-standard","has-post-thumbnail","hentry","category-cultura","category-mec","category-portada","tag-cultura","tag-lecturas","tag-libro","tag-plan-ceibal","entry","has-media"],"_links":{"self":[{"href":"https:\/\/www.impo.com.uy\/revista\/wp-json\/wp\/v2\/posts\/3659"}],"collection":[{"href":"https:\/\/www.impo.com.uy\/revista\/wp-json\/wp\/v2\/posts"}],"about":[{"href":"https:\/\/www.impo.com.uy\/revista\/wp-json\/wp\/v2\/types\/post"}],"author":[{"embeddable":true,"href":"https:\/\/www.impo.com.uy\/revista\/wp-json\/wp\/v2\/users\/8"}],"replies":[{"embeddable":true,"href":"https:\/\/www.impo.com.uy\/revista\/wp-json\/wp\/v2\/comments?post=3659"}],"version-history":[{"count":0,"href":"https:\/\/www.impo.com.uy\/revista\/wp-json\/wp\/v2\/posts\/3659\/revisions"}],"wp:featuredmedia":[{"embeddable":true,"href":"https:\/\/www.impo.com.uy\/revista\/wp-json\/wp\/v2\/media\/3660"}],"wp:attachment":[{"href":"https:\/\/www.impo.com.uy\/revista\/wp-json\/wp\/v2\/media?parent=3659"}],"wp:term":[{"taxonomy":"category","embeddable":true,"href":"https:\/\/www.impo.com.uy\/revista\/wp-json\/wp\/v2\/categories?post=3659"},{"taxonomy":"post_tag","embeddable":true,"href":"https:\/\/www.impo.com.uy\/revista\/wp-json\/wp\/v2\/tags?post=3659"},{"taxonomy":"post_series","embeddable":true,"href":"https:\/\/www.impo.com.uy\/revista\/wp-json\/wp\/v2\/post_series?post=3659"}],"curies":[{"name":"wp","href":"https:\/\/api.w.org\/{rel}","templated":true}]}}