{"id":2984,"date":"2019-06-20T10:54:28","date_gmt":"2019-06-20T13:54:28","guid":{"rendered":"http:\/\/www.impo.com.uy\/revista\/?p=2984"},"modified":"2019-07-02T10:05:57","modified_gmt":"2019-07-02T13:05:57","slug":"capacitacion_turismo","status":"publish","type":"post","link":"https:\/\/www.impo.com.uy\/revista\/capacitacion_turismo\/","title":{"rendered":"Cursos para trabajadores de Turismo de Canelones"},"content":{"rendered":"<p><strong><span style=\"font-size: 18px; font-family: arial, helvetica, sans-serif;\">Capacitaci\u00f3n<\/span><\/strong><\/p>\n<p><strong><span style=\"font-size: 18px; font-family: arial, helvetica, sans-serif;\">Las instituciones que integran la Comisi\u00f3n Sectorial de Turismo del Instituto Nacional de Empleo y Formaci\u00f3n Profesional (Inefop) presentaron el programa de cursos de capacitaci\u00f3n en servicios tur\u00edsticos para Canelones. En 2018, en ese departamento, hubo 15 opciones de cursos que demandaron una inversi\u00f3n de 4,5 millones de pesos y se beneficiaron 250 trabajadores.<\/span><\/strong><\/p>\n<p style=\"vertical-align: baseline; margin: 0cm 0cm 18.75pt 0cm;\"><span style=\"font-family: arial, helvetica, sans-serif;\"><span style=\"font-size: 13.5pt; color: black;\">Representantes del Ministerio de Turismo, de la Intendencia de Canelones, del Comit\u00e9 Departamental del Instituto Nacional de Empleo y Formaci\u00f3n Profesional (Inefop), de la C\u00e1mara Uruguaya de Turismo y del Sindicato \u00danico Gastron\u00f3mico y Hoteles del Uruguay, presentaron este lunes 17 en el Centro Comercial, Industrial y de Fomento de Atl\u00e1ntida la oferta de cursos de capacitaci\u00f3n de Turismo 2019, en Canelones.<\/span><\/span><\/p>\n<p style=\"vertical-align: baseline; font-variant-ligatures: normal; font-variant-caps: normal; font-variant-numeric: inherit; font-variant-east-asian: inherit; font-stretch: inherit; overflow-wrap: break-word; orphans: 2; widows: 2; -webkit-text-stroke-width: 0px; text-decoration-style: initial; text-decoration-color: initial; word-spacing: 0px; margin: 0cm 0cm 18.75pt 0cm;\"><span style=\"font-family: arial, helvetica, sans-serif;\"><span style=\"font-size: 13.5pt; color: black;\">La n\u00f3mina de cursos incluyen: Baqueano tur\u00edstico, Atenci\u00f3n al turista, Marketing digital, Moza\/o, Mucama\/o, Portugu\u00e9s e Ingl\u00e9s presencial y en l\u00ednea, Recepcionista y Servicios tur\u00edsticos de bodegas. Otras opciones son: Ayudante de cocina, Barman, Gesti\u00f3n patrimonio cultural, Mantenimiento de piscinas, Gesti\u00f3n de emprendimientos tur\u00edsticos y gastron\u00f3micos.<\/span><\/span><\/p>\n<p style=\"vertical-align: baseline; font-variant-ligatures: normal; font-variant-caps: normal; font-variant-numeric: inherit; font-variant-east-asian: inherit; font-stretch: inherit; overflow-wrap: break-word; orphans: 2; widows: 2; -webkit-text-stroke-width: 0px; text-decoration-style: initial; text-decoration-color: initial; word-spacing: 0px; margin: 0cm 0cm 18.75pt 0cm;\"><span style=\"font-family: arial, helvetica, sans-serif;\"><span style=\"font-size: 13.5pt; color: black;\">La t\u00e9cnica del Inefop, Silvia Camacho, explic\u00f3 que en el caso de Servicios tur\u00edsticos de bodegas, se trata de una nueva propuesta que se incluy\u00f3 este a\u00f1o \u00a0en el programa de cursos que fue solicitada por los propios establecimientos que abordan el Enoturismo como una nueva unidad de negocios. Tambi\u00e9n se suma Mantenimiento de piscinas, en el entendido de la falta de personal id\u00f3neo en el mercado, expresado por los hoteleros.<\/span><\/span><\/p>\n<p style=\"vertical-align: baseline; font-variant-ligatures: normal; font-variant-caps: normal; font-variant-numeric: inherit; font-variant-east-asian: inherit; font-stretch: inherit; overflow-wrap: break-word; orphans: 2; widows: 2; -webkit-text-stroke-width: 0px; text-decoration-style: initial; text-decoration-color: initial; word-spacing: 0px; margin: 0cm 0cm 18.75pt 0cm;\"><span style=\"font-family: arial, helvetica, sans-serif;\"><span style=\"font-size: 13.5pt; color: black;\">La primera prioridad en materia de poblaci\u00f3n objetivo de los cursos son los trabajadores y trabajadoras de empresas privadas del sector, en segundo t\u00e9rmino, los trabajadores zafrales y en tercer lugar, los trabajadores que por su tarea asisten a turistas, a pesar de pertenecer a otros sectores.<\/span><\/span><\/p>\n<p style=\"vertical-align: baseline; font-variant-ligatures: normal; font-variant-caps: normal; font-variant-numeric: inherit; font-variant-east-asian: inherit; font-stretch: inherit; overflow-wrap: break-word; orphans: 2; widows: 2; -webkit-text-stroke-width: 0px; text-decoration-style: initial; text-decoration-color: initial; word-spacing: 0px; margin: 0cm 0cm 18.75pt 0cm;\"><span style=\"font-family: arial, helvetica, sans-serif;\"><span style=\"font-size: 13.5pt; color: black;\">Si en el momento de inicio de los cursos hay cupos, se incluye a las personas que les interese la capacitaci\u00f3n pero no cumpla los requisitos anteriores. Los participantes no pueden ser funcionarios p\u00fablicos, salvo que por otra actividad privada aporten al Fondo de Reconversi\u00f3n Laboral, que se destina a la financiaci\u00f3n de los cursos. Los interesados por alguna o m\u00e1s de una propuesta pueden dirigirse a: canelones@inefop.gub.uy<\/span><\/span><\/p>\n<p style=\"vertical-align: baseline; font-variant-ligatures: normal; font-variant-caps: normal; font-variant-numeric: inherit; font-variant-east-asian: inherit; font-stretch: inherit; overflow-wrap: break-word; orphans: 2; widows: 2; -webkit-text-stroke-width: 0px; text-decoration-style: initial; text-decoration-color: initial; word-spacing: 0px; margin: 0cm 0cm 18.75pt 0cm;\"><span style=\"font-size: 13.5pt; font-family: arial, helvetica, sans-serif; color: black;\">El director general de Desarrollo Econ\u00f3mico de la Intendencia de Canelones, Horacio Yanes destac\u00f3 el mejoramiento de calidad de los servicios tur\u00edsticos en el departamento que promueve la iniciativa.<\/span><\/p>\n<p style=\"vertical-align: baseline; font-variant-ligatures: normal; font-variant-caps: normal; font-variant-numeric: inherit; font-variant-east-asian: inherit; font-stretch: inherit; overflow-wrap: break-word; orphans: 2; widows: 2; -webkit-text-stroke-width: 0px; text-decoration-style: initial; text-decoration-color: initial; word-spacing: 0px; margin: 0cm 0cm 18.75pt 0cm;\"><span style=\"font-size: 13.5pt; font-family: arial, helvetica, sans-serif; color: black;\">En tanto, Carlos Faroppa, del Mintur, puso de relieve el trabajo interinstitucional desarrollado por la Sectorial de Turismo del Inefop, en la que confluyen representantes del Poder Ejecutivo, de los empresarios y trabajadores.<\/span><\/p>\n<p style=\"vertical-align: baseline; font-variant-ligatures: normal; font-variant-caps: normal; font-variant-numeric: inherit; font-variant-east-asian: inherit; font-stretch: inherit; overflow-wrap: break-word; orphans: 2; widows: 2; -webkit-text-stroke-width: 0px; text-decoration-style: initial; text-decoration-color: initial; word-spacing: 0px; margin: 0cm 0cm 18.75pt 0cm;\"><span style=\"font-size: 13.5pt; font-family: arial, helvetica, sans-serif; color: black;\">Por su parte, Fernando Camb\u00f3n, del Camtur, asever\u00f3 que la materializaci\u00f3n de los cursos responde a las demandas surgidas en el territorio en materia de capacitaci\u00f3n tur\u00edstica.<\/span><\/p>\n<p style=\"vertical-align: baseline; font-variant-ligatures: normal; font-variant-caps: normal; font-variant-numeric: inherit; font-variant-east-asian: inherit; font-stretch: inherit; overflow-wrap: break-word; orphans: 2; widows: 2; -webkit-text-stroke-width: 0px; text-decoration-style: initial; text-decoration-color: initial; word-spacing: 0px; margin: 0cm 0cm 18.75pt 0cm;\"><span style=\"font-size: 13.5pt; font-family: arial, helvetica, sans-serif; color: black;\">En 2018, hubo 15 opciones de cursos en las localidades de Ciudad de la Costa, Atl\u00e1ntida, Las Piedras, Santa Luc\u00eda y La Floresta que captaron 250 participantes y en los que se invirti\u00f3 4,5 millones de pesos.<\/span><\/p>\n<p><img loading=\"lazy\" decoding=\"async\" class=\"alignnone wp-image-2985 size-large\" src=\"http:\/\/www.impo.com.uy\/revista\/wp-content\/uploads\/2019\/06\/fgr_04-1-1024x681.jpg\" alt=\"\" width=\"980\" height=\"652\" srcset=\"https:\/\/www.impo.com.uy\/revista\/wp-content\/uploads\/2019\/06\/fgr_04-1-1024x681.jpg 1024w, https:\/\/www.impo.com.uy\/revista\/wp-content\/uploads\/2019\/06\/fgr_04-1-300x200.jpg 300w, https:\/\/www.impo.com.uy\/revista\/wp-content\/uploads\/2019\/06\/fgr_04-1-768x511.jpg 768w\" sizes=\"(max-width: 980px) 100vw, 980px\" \/><\/p>\n<p>&nbsp;<\/p>\n<p>Fuente: Presidencia de la Rep\u00fablica<\/p>\n<p>Publicado: 18 de junio de 2019<\/p>\n","protected":false},"excerpt":{"rendered":"<p>Instituto Nacional de Empleo present\u00f3 oferta de cursos.<\/p>\n","protected":false},"author":8,"featured_media":2986,"comment_status":"closed","ping_status":"open","sticky":false,"template":"","format":"standard","meta":{"footnotes":""},"categories":[54,8,23,3,9,6,22],"tags":[278,67,341],"post_series":[],"class_list":["post-2984","post","type-post","status-publish","format-standard","has-post-thumbnail","hentry","category-desarrollo-social","category-destacadas-portada","category-educacion","category-inefop","category-portada","category-presidencia","category-sociedad","tag-canelones","tag-inefop","tag-mintur","entry","has-media"],"_links":{"self":[{"href":"https:\/\/www.impo.com.uy\/revista\/wp-json\/wp\/v2\/posts\/2984"}],"collection":[{"href":"https:\/\/www.impo.com.uy\/revista\/wp-json\/wp\/v2\/posts"}],"about":[{"href":"https:\/\/www.impo.com.uy\/revista\/wp-json\/wp\/v2\/types\/post"}],"author":[{"embeddable":true,"href":"https:\/\/www.impo.com.uy\/revista\/wp-json\/wp\/v2\/users\/8"}],"replies":[{"embeddable":true,"href":"https:\/\/www.impo.com.uy\/revista\/wp-json\/wp\/v2\/comments?post=2984"}],"version-history":[{"count":0,"href":"https:\/\/www.impo.com.uy\/revista\/wp-json\/wp\/v2\/posts\/2984\/revisions"}],"wp:featuredmedia":[{"embeddable":true,"href":"https:\/\/www.impo.com.uy\/revista\/wp-json\/wp\/v2\/media\/2986"}],"wp:attachment":[{"href":"https:\/\/www.impo.com.uy\/revista\/wp-json\/wp\/v2\/media?parent=2984"}],"wp:term":[{"taxonomy":"category","embeddable":true,"href":"https:\/\/www.impo.com.uy\/revista\/wp-json\/wp\/v2\/categories?post=2984"},{"taxonomy":"post_tag","embeddable":true,"href":"https:\/\/www.impo.com.uy\/revista\/wp-json\/wp\/v2\/tags?post=2984"},{"taxonomy":"post_series","embeddable":true,"href":"https:\/\/www.impo.com.uy\/revista\/wp-json\/wp\/v2\/post_series?post=2984"}],"curies":[{"name":"wp","href":"https:\/\/api.w.org\/{rel}","templated":true}]}}