{"id":2759,"date":"2019-04-11T12:07:41","date_gmt":"2019-04-11T15:07:41","guid":{"rendered":"http:\/\/www.impo.com.uy\/revista\/?p=2759"},"modified":"2019-04-11T12:07:41","modified_gmt":"2019-04-11T15:07:41","slug":"complejo-utu-udelar-en-paysandu-recibe-1-100-alumnos","status":"publish","type":"post","link":"https:\/\/www.impo.com.uy\/revista\/complejo-utu-udelar-en-paysandu-recibe-1-100-alumnos\/","title":{"rendered":"Complejo UTU &#8211; Udelar en Paysand\u00fa recibe 1.100 alumnos"},"content":{"rendered":"<h3>La otrora terminal de \u00f3mnibus de Paysand\u00fa fue remodelada y convertida en un complejo educativo de UTU y la Universidad de la Rep\u00fablica. Este a\u00f1o lectivo comenz\u00f3 con aulas para m\u00e1s de 1.100 alumnos del Bachillerato de Deportes, la Tecnicatura en Recreaci\u00f3n, la Licenciatura en Educaci\u00f3n F\u00edsica y carreras de salud. Los 12 salones incluyen aire acondicionado y equipamiento. En el predio lindero funciona una plaza de deportes.<\/h3>\n<p dir=\"ltr\">Despu\u00e9s del traslado de la terminal de \u00f3mnibus a su nuevo predio, las antiguas instalaciones sanduceras hab\u00edan quedado en desuso, por lo que la intendencia decidi\u00f3 cederlas en comodato a la Administraci\u00f3n Nacional de Educaci\u00f3n P\u00fablica (ANEP) y a la Universidad de la Rep\u00fablica (Udelar).<\/p>\n<p dir=\"ltr\">El presidente de ANEP, Wilson Netto, dialog\u00f3 con la Secretar\u00eda de Comunicaci\u00f3n Institucional sobre el alcance de esta inversi\u00f3n conjunta, que implica un valor aproximado de 18 millones de pesos.<\/p>\n<p dir=\"ltr\">El local, ubicado en la calle Zorrilla de San Mart\u00edn\u00a0esquina General Artigas, dispone de 1.390 metros cuadrados. All\u00ed funciona un proyecto de complejo educativo, una iniciativa interinstitucional del Consejo de Educaci\u00f3n T\u00e9cnico-Profesional &#8211; Universidad del Trabajo del Uruguay (CETP-UTU) y de la Udelar, que comparten espacios como el acceso al local, los pasillos de circulaci\u00f3n y los servicios higi\u00e9nicos (dos bater\u00edas de ba\u00f1os comunes y dos para discapacitados), todo remodelado, as\u00ed como casilleros para los estudiantes. Todos los salones disponen de aire acondicionado.<\/p>\n<p dir=\"ltr\">En el ala este del edificio funcionan los Bachilleratos de Deportes de UTU y la Tecnicatura en Recreaci\u00f3n y Tiempo Libre de la Escuela T\u00e9cnica Superior de Paysand\u00fa. Un total de 14 grupos de bachillerato y dos de la tecnicatura reciben sus clases en el nuevo aulario. En total, son seis salones cerrados con yeso, aluminio y vidrio. All\u00ed asisten unos 180 alumnos por turno, m\u00e1s de 540 en total, solo de UTU.<\/p>\n<p dir=\"ltr\">El predio se encuentra junto a la plaza de deportes de Paysand\u00fa, donde se desarrollan varios programas de educaci\u00f3n f\u00edsica. All\u00ed funcionan una piscina cerrada, canchas para la pr\u00e1ctica de deportes y una pista de atletismo de piso sint\u00e9tico que se inaugurar\u00e1 en mayo. En esto trabajaron la Secretar\u00eda Nacional del Deporte y la intendencia. En breve, comenzar\u00e1 la construcci\u00f3n de un polideportivo techado a cargo de la ANEP, bajo la modalidad de participaci\u00f3n p\u00fablico-privado. \u201cSer\u00e1 uno de los 10 polideportivos que se construyan en el pa\u00eds\u201d, inform\u00f3 Netto.<\/p>\n<p dir=\"ltr\">El ala oeste del edificio corresponde a la Udelar e incluye seis aulas y un laboratorio. All\u00ed reciben sus clases alumnos del Instituto Superior de Educaci\u00f3n F\u00edsica (ISEF), de las carreras de la Escuela Universitaria de Tecnolog\u00eda M\u00e9dica y del Ciclo Inicial Optativo del \u00c1rea Salud. Adem\u00e1s, se adecuaron dos oficinas del subsuelo. En una de las salas funcionar\u00e1 el Polo de Desarrollo Universitario de Biomec\u00e1nica.<\/p>\n<p dir=\"ltr\">Netto consider\u00f3 fundamental la expansi\u00f3n del \u00e1rea de deportes, ya que las propuestas correspondientes registraron un crecimiento de la matr\u00edcula. Adem\u00e1s, se consider\u00f3 como una ventaja el uso de un espacio com\u00fan, teniendo en cuenta que quienes egresan de ese bachillerato espec\u00edfico luego pueden ingresar al ISEF e incluso a Medicina y carreras de tecnolog\u00eda m\u00e9dica. \u201cVenimos articulando con la universidad en carreras conjuntas en Cerro Largo y Rivera\u00a0y en la apertura de cupos en\u00a0 espacios conjuntos con la Secretar\u00eda del Deporte. Eso permite que m\u00e1s j\u00f3venes accedan a estudios terciarios\u201d, a\u00f1adi\u00f3.<\/p>\n<p dir=\"ltr\">\u201cLa expansi\u00f3n educativa es real y objetiva\u00a0y alcanz\u00f3 a todo el pa\u00eds. En Paysand\u00fa, puntualmente, la presencia educativa difiere mucho de aquel 2005\u201d, expres\u00f3 Netto. Adem\u00e1s, asegur\u00f3 que, sumado al desarrollo de la educaci\u00f3n media superior y terciaria en deporte, el departamento dispone de dos institutos tecnol\u00f3gicos y que, pr\u00f3ximamente, comenzar\u00e1 la construcci\u00f3n de un tercero junto a la ex Paylana. Asimismo mencion\u00f3\u00a0los servicios correspondientes a educaci\u00f3n inicial, primaria y media, as\u00ed como a\u00a0los de formaci\u00f3n docente.<\/p>\n<p dir=\"ltr\">La inauguraci\u00f3n del complejo educativo sanducero se realiza el jueves 11 a las 12:30 horas con la presencia de autoridades de la educaci\u00f3n. En la tarde, a las 18:00 horas, se inaugurar\u00e1 la remodelaci\u00f3n de una escuela en Salto, en el barrio Saladero, para 250 alumnos, que fue transformada a la modalidad de tiempo completo.<\/p>\n<p dir=\"ltr\">Fuente: Presidencia de la Rep\u00fablica<\/p>\n<p dir=\"ltr\">Publicado: 11 de abril 2019<\/p>\n<div id=\"gallery-1\" class=\"wpex-gallery wpex-grid wpex-grid-cols-3 wpex-gap-20 wpex-lightbox-group wpex-mb-20\"><figure class=\"gallery-item\"><a href=\"https:\/\/www.impo.com.uy\/revista\/wp-content\/uploads\/2019\/04\/fgr_02.jpg\" class=\"wpex-lightbox-group-item\"><img loading=\"lazy\" decoding=\"async\" src=\"https:\/\/www.impo.com.uy\/revista\/wp-content\/uploads\/2019\/04\/fgr_02-1024x680.jpg\" alt=\"\" srcset=\"https:\/\/www.impo.com.uy\/revista\/wp-content\/uploads\/2019\/04\/fgr_02-1024x680.jpg 1024w, https:\/\/www.impo.com.uy\/revista\/wp-content\/uploads\/2019\/04\/fgr_02-300x199.jpg 300w, https:\/\/www.impo.com.uy\/revista\/wp-content\/uploads\/2019\/04\/fgr_02-768x510.jpg 768w\" width=\"1024\" height=\"680\"><\/a><\/figure><figure class=\"gallery-item\"><a href=\"https:\/\/www.impo.com.uy\/revista\/wp-content\/uploads\/2019\/04\/fgr_03.jpg\" class=\"wpex-lightbox-group-item\"><img loading=\"lazy\" decoding=\"async\" src=\"https:\/\/www.impo.com.uy\/revista\/wp-content\/uploads\/2019\/04\/fgr_03-1024x681.jpg\" alt=\"\" srcset=\"https:\/\/www.impo.com.uy\/revista\/wp-content\/uploads\/2019\/04\/fgr_03-1024x681.jpg 1024w, https:\/\/www.impo.com.uy\/revista\/wp-content\/uploads\/2019\/04\/fgr_03-300x200.jpg 300w, https:\/\/www.impo.com.uy\/revista\/wp-content\/uploads\/2019\/04\/fgr_03-768x511.jpg 768w\" width=\"1024\" height=\"681\"><\/a><\/figure><figure class=\"gallery-item\"><a href=\"https:\/\/www.impo.com.uy\/revista\/wp-content\/uploads\/2019\/04\/fgr_04.jpg\" class=\"wpex-lightbox-group-item\"><img loading=\"lazy\" decoding=\"async\" src=\"https:\/\/www.impo.com.uy\/revista\/wp-content\/uploads\/2019\/04\/fgr_04-1024x680.jpg\" alt=\"\" srcset=\"https:\/\/www.impo.com.uy\/revista\/wp-content\/uploads\/2019\/04\/fgr_04-1024x680.jpg 1024w, https:\/\/www.impo.com.uy\/revista\/wp-content\/uploads\/2019\/04\/fgr_04-300x199.jpg 300w, https:\/\/www.impo.com.uy\/revista\/wp-content\/uploads\/2019\/04\/fgr_04-768x510.jpg 768w\" width=\"1024\" height=\"680\"><\/a><\/figure><figure class=\"gallery-item\"><a href=\"https:\/\/www.impo.com.uy\/revista\/wp-content\/uploads\/2019\/04\/fgr_06.jpg\" class=\"wpex-lightbox-group-item\"><img loading=\"lazy\" decoding=\"async\" src=\"https:\/\/www.impo.com.uy\/revista\/wp-content\/uploads\/2019\/04\/fgr_06-1024x680.jpg\" alt=\"\" srcset=\"https:\/\/www.impo.com.uy\/revista\/wp-content\/uploads\/2019\/04\/fgr_06-1024x680.jpg 1024w, https:\/\/www.impo.com.uy\/revista\/wp-content\/uploads\/2019\/04\/fgr_06-300x199.jpg 300w, https:\/\/www.impo.com.uy\/revista\/wp-content\/uploads\/2019\/04\/fgr_06-768x510.jpg 768w\" width=\"1024\" height=\"680\"><\/a><\/figure><figure class=\"gallery-item\"><a href=\"https:\/\/www.impo.com.uy\/revista\/wp-content\/uploads\/2019\/04\/fgr_08.jpg\" class=\"wpex-lightbox-group-item\"><img loading=\"lazy\" decoding=\"async\" src=\"https:\/\/www.impo.com.uy\/revista\/wp-content\/uploads\/2019\/04\/fgr_08-1024x680.jpg\" alt=\"\" srcset=\"https:\/\/www.impo.com.uy\/revista\/wp-content\/uploads\/2019\/04\/fgr_08-1024x680.jpg 1024w, https:\/\/www.impo.com.uy\/revista\/wp-content\/uploads\/2019\/04\/fgr_08-300x199.jpg 300w, https:\/\/www.impo.com.uy\/revista\/wp-content\/uploads\/2019\/04\/fgr_08-768x510.jpg 768w\" width=\"1024\" height=\"680\"><\/a><\/figure><figure class=\"gallery-item\"><a href=\"https:\/\/www.impo.com.uy\/revista\/wp-content\/uploads\/2019\/04\/fgr_09.jpg\" class=\"wpex-lightbox-group-item\"><img loading=\"lazy\" decoding=\"async\" src=\"https:\/\/www.impo.com.uy\/revista\/wp-content\/uploads\/2019\/04\/fgr_09-1024x680.jpg\" alt=\"\" srcset=\"https:\/\/www.impo.com.uy\/revista\/wp-content\/uploads\/2019\/04\/fgr_09-1024x680.jpg 1024w, https:\/\/www.impo.com.uy\/revista\/wp-content\/uploads\/2019\/04\/fgr_09-300x199.jpg 300w, https:\/\/www.impo.com.uy\/revista\/wp-content\/uploads\/2019\/04\/fgr_09-768x510.jpg 768w\" width=\"1024\" height=\"680\"><\/a><\/figure><\/div>\n\n","protected":false},"excerpt":{"rendered":"<p>La otrora terminal de \u00f3mnibus de Paysand\u00fa fue remodelada y convertida en un complejo educativo de UTU y la Universidad de la Rep\u00fablica a partir de una inversi\u00f3n de 18 millones de pesos.<\/p>\n","protected":false},"author":11,"featured_media":2760,"comment_status":"closed","ping_status":"open","sticky":false,"template":"","format":"standard","meta":{"footnotes":""},"categories":[18,23,7,9,6,22],"tags":[321,322,149,50],"post_series":[],"class_list":["post-2759","post","type-post","status-publish","format-standard","has-post-thumbnail","hentry","category-cultura","category-educacion","category-mec","category-portada","category-presidencia","category-sociedad","tag-anep","tag-isef","tag-udelar","tag-utu","entry","has-media"],"_links":{"self":[{"href":"https:\/\/www.impo.com.uy\/revista\/wp-json\/wp\/v2\/posts\/2759"}],"collection":[{"href":"https:\/\/www.impo.com.uy\/revista\/wp-json\/wp\/v2\/posts"}],"about":[{"href":"https:\/\/www.impo.com.uy\/revista\/wp-json\/wp\/v2\/types\/post"}],"author":[{"embeddable":true,"href":"https:\/\/www.impo.com.uy\/revista\/wp-json\/wp\/v2\/users\/11"}],"replies":[{"embeddable":true,"href":"https:\/\/www.impo.com.uy\/revista\/wp-json\/wp\/v2\/comments?post=2759"}],"version-history":[{"count":0,"href":"https:\/\/www.impo.com.uy\/revista\/wp-json\/wp\/v2\/posts\/2759\/revisions"}],"wp:featuredmedia":[{"embeddable":true,"href":"https:\/\/www.impo.com.uy\/revista\/wp-json\/wp\/v2\/media\/2760"}],"wp:attachment":[{"href":"https:\/\/www.impo.com.uy\/revista\/wp-json\/wp\/v2\/media?parent=2759"}],"wp:term":[{"taxonomy":"category","embeddable":true,"href":"https:\/\/www.impo.com.uy\/revista\/wp-json\/wp\/v2\/categories?post=2759"},{"taxonomy":"post_tag","embeddable":true,"href":"https:\/\/www.impo.com.uy\/revista\/wp-json\/wp\/v2\/tags?post=2759"},{"taxonomy":"post_series","embeddable":true,"href":"https:\/\/www.impo.com.uy\/revista\/wp-json\/wp\/v2\/post_series?post=2759"}],"curies":[{"name":"wp","href":"https:\/\/api.w.org\/{rel}","templated":true}]}}