{"id":2526,"date":"2019-01-18T10:31:47","date_gmt":"2019-01-18T13:31:47","guid":{"rendered":"http:\/\/www.impo.com.uy\/revista\/?p=2526"},"modified":"2019-01-18T10:31:47","modified_gmt":"2019-01-18T13:31:47","slug":"atencion-universal-y-gratuita","status":"publish","type":"post","link":"https:\/\/www.impo.com.uy\/revista\/atencion-universal-y-gratuita\/","title":{"rendered":"Atenci\u00f3n universal y gratuita"},"content":{"rendered":"<h3>El Cenatt atendi\u00f3 en 2018 a 5.000 personas en Montevideo y el interior de Uruguay, tanto para la entrega de productos del Laboratorio de Ortopedia T\u00e9cnica, el Taller de Calzado o el \u00c1rea de Ayudas T\u00e9cnicas como para reparaciones o valoraciones. En 2017 el Cenatt adjudic\u00f3 la pr\u00f3tesis n\u00famero 1.000 y el a\u00f1o pasado se sumaron m\u00e1s de 300 entregas, dijo la directora del Programa Nacional de Discapacidad (Pronadis), Bego\u00f1a Grau.<\/h3>\n<p dir=\"ltr\">\u201cEn Uruguay, el 100 % de las personas que lo necesitan puede\u00a0acceder a ayudas t\u00e9cnicas en forma gratuita, excepto los que tienen un prestador que ya les otorgue lo necesario\u201d, inform\u00f3 Bego\u00f1a Grau a la Secretar\u00eda de Comunicaci\u00f3n Institucional, durante una recorrida al Centro Nacional de Ayudas T\u00e9cnicas y Tecnol\u00f3gicas (Cenatt).<\/p>\n<p dir=\"ltr\">Las ayudas t\u00e9cnicas son todos aquellos productos utilizados para mantener o mejorar las habilidades de las personas, de tal forma que promueven la independencia en todos los aspectos de la vida diaria. El Cenatt entrega sillas de ruedas, gr\u00faas para ba\u00f1o, sillas con posicionamiento, sillas de ba\u00f1o, camas articuladas, bastones, muletas andadores, pa\u00f1ales y aud\u00edfonos, entre otros. En el \u00e1rea\u00a0de ortopedia, se confeccionan calzados y plantares de todo tipo. En el Laboratorio de Ortopedia T\u00e9cnica, se hacen pr\u00f3tesis de miembros inferiores, \u00f3rtesis y f\u00e9rulas de miembros inferiores y superiores.<\/p>\n<p dir=\"ltr\">El centro mejor\u00f3 su cobertura con la capacitaci\u00f3n a 20 t\u00e9cnicos por parte de un m\u00e9dico cubano, de los cuales 5 trabajan en el Cenatt. Grau explic\u00f3:\u00a0\u201cUruguay no tiene la carrera de t\u00e9cnico en ortopr\u00f3tesis y estamos trabajando con la Escuela de Tecnolog\u00eda M\u00e9dica de la Universidad de la Rep\u00fablica para que esto sea posible a futuro\u201d. Agreg\u00f3 que ahora trabajan en base al conocimiento existente en el marco del convenio con Cuba, que envi\u00f3 especialistas para la capacitaci\u00f3n de uruguayos,\u00a0 dado el aumento de la producci\u00f3n y la demanda del laboratorio de ortopedia y el taller de calzado.<\/p>\n<p dir=\"ltr\">\u201cEl taller de calzado es un \u00e9xito porque atiende a muchas personas que nunca pensaron que se pod\u00edan poner un zapato o que podr\u00edan volver a caminar medianamente bien, con una marcha casi perfecta\u201d, proclam\u00f3 la directora.<\/p>\n<p dir=\"ltr\">Sobre el trabajo con otras instituciones, Grau se\u00f1al\u00f3 el convenio con el Consejo de Educaci\u00f3n T\u00e9cnico Profesional-Universidad del Trabajo del Uruguay (CETP-UTU) para desarrollar un taller de reparaciones y adaptaciones. Su predio y local fueron cedidos por la Intendencia de Montevideo, Cuba aporta t\u00e9cnicos y la organizaci\u00f3n noruega sin fines de lucro Hjelpemiddelfondet env\u00eda ayudas t\u00e9cnicas para personas con discapacidad.<\/p>\n<p dir=\"ltr\">El\u00a0Cenatt, que depende del Ministerio de Desarrollo Social (Mides) a trav\u00e9s del Pronadis, est\u00e1 ubicado en Camino Castro 280 esquina Molinos de Raffo, en Montevideo. Su horario de atenci\u00f3n se extiende entre las 08:00 y las 16:00 horas.<\/p>\n<p dir=\"ltr\">Uno de los objetivos para 2019 es abrir un centro similar,\u00a0de menor escala, en el departamento de Paysand\u00fa, agreg\u00f3 la directora. La iniciativa fue anunciada en diciembre de 2018, en el lanzamiento del Mes de la Discapacidad.<\/p>\n<p dir=\"ltr\">Las recorridas por el interior continuar\u00e1n este a\u00f1o a partir de febrero y la atenci\u00f3n se realizar\u00e1 en los hospitales de la Administraci\u00f3n de los Servicios de Salud del Estado (ASSE). \u201cEn 2018 recorrimos 16.800 kil\u00f3metros y llegamos\u00a0a capitales departamentales y\u00a0peque\u00f1as localidades. Por ese motivo, el servicio se conoce cada vez m\u00e1s y hay una progresi\u00f3n en la cantidad de solicitudes\u201d, indic\u00f3.<\/p>\n<p dir=\"ltr\">Las solicitudes se pueden realizar v\u00eda web, completando el formulario en l\u00ednea, o de forma presencial en el Cenatt o en las oficinas territoriales del Mides en el interior. En todos los casos, se debe presentar fotocopia de recibo de ingreso de cada integrante del grupo familiar y la solicitud del m\u00e9dico tratante con especificaci\u00f3n de los\u00a0aspectos relevantes del diagn\u00f3stico y el tipo de discapacidad.<\/p>\n<p><a href=\"http:\/\/pronadis.mides.gub.uy\/ayudas-tecnicas\" target=\"_blank\" rel=\"noopener\">Cat\u00e1logo de ayudas t\u00e9cnicas<\/a><\/p>\n<p>Fuente: Presidencia de la Rep\u00fablica<\/p>\n<p>Publicado: 16 de enero 2019<\/p>\n<p>&nbsp;<\/p>\n<div id=\"gallery-1\" class=\"wpex-gallery wpex-grid wpex-grid-cols-3 wpex-gap-20 wpex-lightbox-group wpex-mb-20\"><figure class=\"gallery-item\"><a href=\"https:\/\/www.impo.com.uy\/revista\/wp-content\/uploads\/2019\/01\/fgr_05-1.jpg\" class=\"wpex-lightbox-group-item\"><img loading=\"lazy\" decoding=\"async\" src=\"https:\/\/www.impo.com.uy\/revista\/wp-content\/uploads\/2019\/01\/fgr_05-1-1024x681.jpg\" alt=\"\" srcset=\"https:\/\/www.impo.com.uy\/revista\/wp-content\/uploads\/2019\/01\/fgr_05-1-1024x681.jpg 1024w, https:\/\/www.impo.com.uy\/revista\/wp-content\/uploads\/2019\/01\/fgr_05-1-300x200.jpg 300w, https:\/\/www.impo.com.uy\/revista\/wp-content\/uploads\/2019\/01\/fgr_05-1-768x511.jpg 768w\" width=\"1024\" height=\"681\"><\/a><\/figure><figure class=\"gallery-item\"><a href=\"https:\/\/www.impo.com.uy\/revista\/wp-content\/uploads\/2019\/01\/fgr_08-2.jpg\" class=\"wpex-lightbox-group-item\"><img loading=\"lazy\" decoding=\"async\" src=\"https:\/\/www.impo.com.uy\/revista\/wp-content\/uploads\/2019\/01\/fgr_08-2-1024x681.jpg\" alt=\"\" srcset=\"https:\/\/www.impo.com.uy\/revista\/wp-content\/uploads\/2019\/01\/fgr_08-2-1024x681.jpg 1024w, https:\/\/www.impo.com.uy\/revista\/wp-content\/uploads\/2019\/01\/fgr_08-2-300x200.jpg 300w, https:\/\/www.impo.com.uy\/revista\/wp-content\/uploads\/2019\/01\/fgr_08-2-768x511.jpg 768w\" width=\"1024\" height=\"681\"><\/a><\/figure><figure class=\"gallery-item\"><a href=\"https:\/\/www.impo.com.uy\/revista\/wp-content\/uploads\/2019\/01\/fgr_06-1.jpg\" class=\"wpex-lightbox-group-item\"><img loading=\"lazy\" decoding=\"async\" src=\"https:\/\/www.impo.com.uy\/revista\/wp-content\/uploads\/2019\/01\/fgr_06-1-1024x681.jpg\" alt=\"\" srcset=\"https:\/\/www.impo.com.uy\/revista\/wp-content\/uploads\/2019\/01\/fgr_06-1-1024x681.jpg 1024w, https:\/\/www.impo.com.uy\/revista\/wp-content\/uploads\/2019\/01\/fgr_06-1-300x200.jpg 300w, https:\/\/www.impo.com.uy\/revista\/wp-content\/uploads\/2019\/01\/fgr_06-1-768x511.jpg 768w\" width=\"1024\" height=\"681\"><\/a><\/figure><\/div>\n\n<p>&nbsp;<\/p>\n","protected":false},"excerpt":{"rendered":"<p>Centro Nacional de Ayudas T\u00e9cnicas y Tecnol\u00f3gicas atendi\u00f3 el a\u00f1o pasado consultas de 5.000 personas.<\/p>\n","protected":false},"author":11,"featured_media":2527,"comment_status":"closed","ping_status":"open","sticky":false,"template":"","format":"standard","meta":{"footnotes":""},"categories":[54,9,14,22],"tags":[282,284,283,149,50],"post_series":[],"class_list":["post-2526","post","type-post","status-publish","format-standard","has-post-thumbnail","hentry","category-desarrollo-social","category-portada","category-salud","category-sociedad","tag-discapacidad","tag-mides","tag-pronadis","tag-udelar","tag-utu","entry","has-media"],"_links":{"self":[{"href":"https:\/\/www.impo.com.uy\/revista\/wp-json\/wp\/v2\/posts\/2526"}],"collection":[{"href":"https:\/\/www.impo.com.uy\/revista\/wp-json\/wp\/v2\/posts"}],"about":[{"href":"https:\/\/www.impo.com.uy\/revista\/wp-json\/wp\/v2\/types\/post"}],"author":[{"embeddable":true,"href":"https:\/\/www.impo.com.uy\/revista\/wp-json\/wp\/v2\/users\/11"}],"replies":[{"embeddable":true,"href":"https:\/\/www.impo.com.uy\/revista\/wp-json\/wp\/v2\/comments?post=2526"}],"version-history":[{"count":0,"href":"https:\/\/www.impo.com.uy\/revista\/wp-json\/wp\/v2\/posts\/2526\/revisions"}],"wp:featuredmedia":[{"embeddable":true,"href":"https:\/\/www.impo.com.uy\/revista\/wp-json\/wp\/v2\/media\/2527"}],"wp:attachment":[{"href":"https:\/\/www.impo.com.uy\/revista\/wp-json\/wp\/v2\/media?parent=2526"}],"wp:term":[{"taxonomy":"category","embeddable":true,"href":"https:\/\/www.impo.com.uy\/revista\/wp-json\/wp\/v2\/categories?post=2526"},{"taxonomy":"post_tag","embeddable":true,"href":"https:\/\/www.impo.com.uy\/revista\/wp-json\/wp\/v2\/tags?post=2526"},{"taxonomy":"post_series","embeddable":true,"href":"https:\/\/www.impo.com.uy\/revista\/wp-json\/wp\/v2\/post_series?post=2526"}],"curies":[{"name":"wp","href":"https:\/\/api.w.org\/{rel}","templated":true}]}}