{"id":1758,"date":"2018-04-27T11:17:36","date_gmt":"2018-04-27T14:17:36","guid":{"rendered":"http:\/\/www.impo.com.uy\/revista\/?p=1758"},"modified":"2018-04-27T11:17:36","modified_gmt":"2018-04-27T14:17:36","slug":"ninas-y-tic","status":"publish","type":"post","link":"https:\/\/www.impo.com.uy\/revista\/ninas-y-tic\/","title":{"rendered":"Ni\u00f1as y TIC"},"content":{"rendered":"<h2><strong>Se celebr\u00f3 el D\u00eda Internacional de las Ni\u00f1as en las Tecnolog\u00edas de la Informaci\u00f3n y la Comunicaci\u00f3n.<\/strong><\/h2>\n<p>El D\u00eda Internacional de las Ni\u00f1as en las TIC es una iniciativa respaldada por todos los estados miembros de la Uni\u00f3n Internacional de Telecomunicaciones (organismo especializado de Naciones Unidas).<\/p>\n<p>Su objetivo es crear un entorno mundial que empodere a ni\u00f1as y mujeres j\u00f3venes alent\u00e1ndolas a iniciar una vida profesional en este campo, aumentando la participaci\u00f3n de las mujeres en el sector.<\/p>\n<p>El aumento de la participaci\u00f3n femenina en la Ciencia, Tecnolog\u00eda, Ingenier\u00eda y Matem\u00e1ticas (\u00e1reas STEM, por sus siglas en ingl\u00e9s), es uno de los prop\u00f3sitos de la Agenda 2030 para el Desarrollo Sostenible.<\/p>\n<p>En ese marco y por cuarto a\u00f1o consecutivo, el Ministerio de Educaci\u00f3n y Cultura se sum\u00f3 a la celebraci\u00f3n a trav\u00e9s de la Direcci\u00f3n de Educaci\u00f3n y Centros MEC.<\/p>\n<p>En conjunto con el Ministerio de Industria, Energ\u00eda y Miner\u00eda (MIEM) y el Ministerio de Desarrollo Social (MIDES), presentaron una feria interactiva y un taller en el hall de la Casa INJU.<\/p>\n<p>All\u00ed la Direcci\u00f3n de Educaci\u00f3n propuso, con diversos materiales, una introducci\u00f3n a la programaci\u00f3n y un testeo de sensores con el objetivo de sensibilizar, aproximar y motivar sobre el uso de las tecnolog\u00edas.<\/p>\n<p>Complementariamente, el programa Cultura Cient\u00edfica aport\u00f3 una mesa de proyectos tecnol\u00f3gicos realizados por ni\u00f1as.<\/p>\n<p>Por su parte Centros MEC present\u00f3 una muestra de Rob\u00f3tica Educativa a los efectos de aproximar a los conceptos b\u00e1sicos de la rob\u00f3tica e incentivar a las j\u00f3venes a dar los primeros pasos en programaci\u00f3n.<\/p>\n<p>A su vez la Direcci\u00f3n Nacional de Telecomunicaciones y Servicios de Comunicaci\u00f3n Audiovisual (DINATEL), del MIEM, ofreci\u00f3 una muestra de Eficiencia Energ\u00e9tica en sus diferentes modalidades, promoviendo un concurso de Eficiencia Energ\u00e9tica en UTU y Secundaria. En la edici\u00f3n del pasado 2017 participaron casi medio centenar de centros educativos.<\/p>\n<p>El director del INJU, Federico Barreto dio la bienvenida a los participantes en la muestra y afirm\u00f3 que \u201cestaban todos los recursos del Instituto a su disposici\u00f3n\u201d.<\/p>\n<p>Finalmente, Rodrigo D\u00edaz, director de la DINATEL, enfatiz\u00f3 el prop\u00f3sito de \u201caumentar la participaci\u00f3n de las ni\u00f1as en las TIC\u201d.<\/p>\n<p>Fuente: MEC<\/p>\n<p>Publicado:\u00a0 26 de abril 2018<\/p>\n","protected":false},"excerpt":{"rendered":"<p>Se celebr\u00f3 el D\u00eda Internacional de las Ni\u00f1as en las Tecnolog\u00edas de la Informaci\u00f3n y la Comunicaci\u00f3n.<\/p>\n","protected":false},"author":11,"featured_media":1759,"comment_status":"closed","ping_status":"open","sticky":false,"template":"","format":"standard","meta":{"footnotes":""},"categories":[18,23,7,9,6,22],"tags":[],"post_series":[],"class_list":["post-1758","post","type-post","status-publish","format-standard","has-post-thumbnail","hentry","category-cultura","category-educacion","category-mec","category-portada","category-presidencia","category-sociedad","entry","has-media"],"_links":{"self":[{"href":"https:\/\/www.impo.com.uy\/revista\/wp-json\/wp\/v2\/posts\/1758"}],"collection":[{"href":"https:\/\/www.impo.com.uy\/revista\/wp-json\/wp\/v2\/posts"}],"about":[{"href":"https:\/\/www.impo.com.uy\/revista\/wp-json\/wp\/v2\/types\/post"}],"author":[{"embeddable":true,"href":"https:\/\/www.impo.com.uy\/revista\/wp-json\/wp\/v2\/users\/11"}],"replies":[{"embeddable":true,"href":"https:\/\/www.impo.com.uy\/revista\/wp-json\/wp\/v2\/comments?post=1758"}],"version-history":[{"count":0,"href":"https:\/\/www.impo.com.uy\/revista\/wp-json\/wp\/v2\/posts\/1758\/revisions"}],"wp:featuredmedia":[{"embeddable":true,"href":"https:\/\/www.impo.com.uy\/revista\/wp-json\/wp\/v2\/media\/1759"}],"wp:attachment":[{"href":"https:\/\/www.impo.com.uy\/revista\/wp-json\/wp\/v2\/media?parent=1758"}],"wp:term":[{"taxonomy":"category","embeddable":true,"href":"https:\/\/www.impo.com.uy\/revista\/wp-json\/wp\/v2\/categories?post=1758"},{"taxonomy":"post_tag","embeddable":true,"href":"https:\/\/www.impo.com.uy\/revista\/wp-json\/wp\/v2\/tags?post=1758"},{"taxonomy":"post_series","embeddable":true,"href":"https:\/\/www.impo.com.uy\/revista\/wp-json\/wp\/v2\/post_series?post=1758"}],"curies":[{"name":"wp","href":"https:\/\/api.w.org\/{rel}","templated":true}]}}