{"id":1705,"date":"2018-03-19T10:51:20","date_gmt":"2018-03-19T13:51:20","guid":{"rendered":"http:\/\/www.impo.com.uy\/revista\/?p=1705"},"modified":"2018-03-19T10:51:20","modified_gmt":"2018-03-19T13:51:20","slug":"atencion-de-calidad","status":"publish","type":"post","link":"https:\/\/www.impo.com.uy\/revista\/atencion-de-calidad\/","title":{"rendered":"Atenci\u00f3n de calidad"},"content":{"rendered":"<p>El Hospital de Ojos Jos\u00e9 Mart\u00ed contin\u00faa la mejora de su infraestructura. En dos meses se estima que estar\u00e1 terminada la obra de un block de cirug\u00eda menor que descomprimir\u00e1 la tarea del block principal. Esto permitir\u00e1 realizar m\u00e1s operaciones por jornada y agilizar la atenci\u00f3n. Adem\u00e1s, el jueves 15 se inaugur\u00f3 la nueva sala de enfermer\u00eda del \u00e1rea de internaci\u00f3n.<\/p>\n<p dir=\"ltr\">En entrevista con la Secretar\u00eda de Comunicaci\u00f3n Institucional, la directora del Hospital de Ojos Jos\u00e9 Mart\u00ed, Sandra Medina, confirm\u00f3 que se trabaja en la construcci\u00f3n de un block quir\u00fargico destinado a cirug\u00edas menores, es decir, lo que se conoce como \u201cprocedimiento quir\u00fargico de menor tiempo\u201d, como por ejemplo las inyecciones de antiangiog\u00e9nicos y patolog\u00edas de p\u00e1rpado.<\/p>\n<p dir=\"ltr\">El objetivo de esta reforma es descomprimir la demanda que se genera en el block principal o conocido como \u201cde cirug\u00eda mayor\u201d y reservarlo para procedimientos de m\u00e1s complejidad. Esto repercutir\u00e1 en la realizaci\u00f3n de m\u00e1s procedimientos por d\u00eda, lo que conlleva a una mejora de la calidad asistencial.<\/p>\n<p dir=\"ltr\">La jerarca estim\u00f3 que en dos meses estar\u00e1 lista la obra en el espacio que dej\u00f3 libre el \u00e1rea de enfermer\u00eda de internaci\u00f3n, que se traslad\u00f3 y ahora cuenta con un nuevo lugar con las comodidades necesarias para el correcto cumplimiento del servicio. Medina explic\u00f3 que esto fue posible gracias a un convenio de complementaci\u00f3n con el Hospital Militar.<\/p>\n<p dir=\"ltr\">Est\u00e1 previsto que en los pr\u00f3ximos meses el hospital adquiera nuevo equipamiento tecnol\u00f3gico.<\/p>\n<p>Fuente: Presidencia de la Rep\u00fablica<\/p>\n<p>Publicado: 17 de marzo 2018<\/p>\n","protected":false},"excerpt":{"rendered":"<p>Hospital de Ojos construye otro block quir\u00fargico que permitir\u00e1 realizar m\u00e1s operaciones por d\u00eda.<\/p>\n","protected":false},"author":11,"featured_media":1706,"comment_status":"closed","ping_status":"open","sticky":false,"template":"","format":"standard","meta":{"footnotes":""},"categories":[9,6,14,22],"tags":[126],"post_series":[],"class_list":["post-1705","post","type-post","status-publish","format-standard","has-post-thumbnail","hentry","category-portada","category-presidencia","category-salud","category-sociedad","tag-salud","entry","has-media"],"_links":{"self":[{"href":"https:\/\/www.impo.com.uy\/revista\/wp-json\/wp\/v2\/posts\/1705"}],"collection":[{"href":"https:\/\/www.impo.com.uy\/revista\/wp-json\/wp\/v2\/posts"}],"about":[{"href":"https:\/\/www.impo.com.uy\/revista\/wp-json\/wp\/v2\/types\/post"}],"author":[{"embeddable":true,"href":"https:\/\/www.impo.com.uy\/revista\/wp-json\/wp\/v2\/users\/11"}],"replies":[{"embeddable":true,"href":"https:\/\/www.impo.com.uy\/revista\/wp-json\/wp\/v2\/comments?post=1705"}],"version-history":[{"count":0,"href":"https:\/\/www.impo.com.uy\/revista\/wp-json\/wp\/v2\/posts\/1705\/revisions"}],"wp:featuredmedia":[{"embeddable":true,"href":"https:\/\/www.impo.com.uy\/revista\/wp-json\/wp\/v2\/media\/1706"}],"wp:attachment":[{"href":"https:\/\/www.impo.com.uy\/revista\/wp-json\/wp\/v2\/media?parent=1705"}],"wp:term":[{"taxonomy":"category","embeddable":true,"href":"https:\/\/www.impo.com.uy\/revista\/wp-json\/wp\/v2\/categories?post=1705"},{"taxonomy":"post_tag","embeddable":true,"href":"https:\/\/www.impo.com.uy\/revista\/wp-json\/wp\/v2\/tags?post=1705"},{"taxonomy":"post_series","embeddable":true,"href":"https:\/\/www.impo.com.uy\/revista\/wp-json\/wp\/v2\/post_series?post=1705"}],"curies":[{"name":"wp","href":"https:\/\/api.w.org\/{rel}","templated":true}]}}